[{"@context":"https:\/\/schema.org\/","@type":"Article","@id":"https:\/\/www.ostaco.cz\/lavicky-vyrobene-z-plenek\/#Article","mainEntityOfPage":"https:\/\/www.ostaco.cz\/lavicky-vyrobene-z-plenek\/","headline":"Lavi\u010dky vyroben\u00e9 z plenek","name":"Lavi\u010dky vyroben\u00e9 z plenek","description":"Nejen, \u017ee odpad, kter\u00fd vyr\u00e1b\u00edme, rychle roste, ale i my m\u00e1me tak\u00e9 zp\u016fsoby, jak se ho zbavit. V lednu leto\u0161n\u00edho roku \u010c\u00edna uvedla, \u017ee ji\u017e nebude zpracov\u00e1vat miliony tun zahrani\u010dn\u00edch odpadk\u016f, kter\u00e9 ka\u017edoro\u010dn\u011b dod\u00e1v\u00e1 Z\u00e1pad. Sou\u010dasn\u011b se zvy\u0161uj\u00edc\u00ed se hladina... <a class=\"more-link\" href=\"https:\/\/www.ostaco.cz\/lavicky-vyrobene-z-plenek\/\">Pokra\u010dovat ve \u010dten\u00ed &rarr;<\/a>","datePublished":"2025-12-01","dateModified":"2025-12-01","author":{"@type":"Person","@id":"https:\/\/www.ostaco.cz\/author\/#Person","name":"","url":"https:\/\/www.ostaco.cz\/author\/","identifier":1,"image":{"@type":"ImageObject","@id":"https:\/\/secure.gravatar.com\/avatar\/69bd9b72104e3ccfb6214cbd23cb226f96c6ecf33a2a351fa1d4682235118df3?s=96&d=mm&r=g","url":"https:\/\/secure.gravatar.com\/avatar\/69bd9b72104e3ccfb6214cbd23cb226f96c6ecf33a2a351fa1d4682235118df3?s=96&d=mm&r=g","height":96,"width":96}},"publisher":{"@type":"Organization","name":"ostaco.cz","logo":{"@type":"ImageObject","@id":"\/logo.png","url":"\/logo.png","width":600,"height":60}},"image":{"@type":"ImageObject","@id":"https:\/\/www.ostaco.cz\/wp-content\/uploads\/img_a314731_w2580_t1525769183.jpg","url":"https:\/\/www.ostaco.cz\/wp-content\/uploads\/img_a314731_w2580_t1525769183.jpg","height":0,"width":0},"url":"https:\/\/www.ostaco.cz\/lavicky-vyrobene-z-plenek\/","wordCount":391,"articleBody":"Nejen, \u017ee odpad, kter\u00fd vyr\u00e1b\u00edme, rychle roste, ale i my m\u00e1me tak\u00e9 zp\u016fsoby, jak se ho zbavit. V lednu leto\u0161n\u00edho roku \u010c\u00edna uvedla, \u017ee ji\u017e nebude zpracov\u00e1vat miliony tun zahrani\u010dn\u00edch odpadk\u016f, kter\u00e9 ka\u017edoro\u010dn\u011b dod\u00e1v\u00e1 Z\u00e1pad. Sou\u010dasn\u011b se zvy\u0161uj\u00edc\u00ed se hladina plastu v oce\u00e1nu stala podle OSN planet\u00e1rn\u00ed kriz\u00ed, kter\u00e1 p\u016fsob\u00ed nenapraviteln\u00e9 \u0161kody na mo\u0159sk\u00e9m \u017eivot\u011b.\t\tJe t\u0159eba p\u0159ehodnotit zp\u016fsob, jak\u00fdm p\u0159istupujeme k recyklaci. N\u011bkte\u0159\u00ed podnikatel\u00e9 jsou t\u00edmto velmi zam\u011bstn\u00e1ni , p\u0159i\u010dem\u017e nejnepravd\u011bpodobn\u011bj\u0161\u00ed p\u0159edm\u011bty p\u0159em\u011b\u0148uj\u00ed na n\u011bco u\u017eite\u010dn\u00e9ho. B\u011bhem posledn\u00edch n\u011bkolika let se pov\u011bdom\u00ed problematiky plast\u016f v \u017eivotn\u00edm prost\u0159ed\u00ed dostalo do pop\u0159ed\u00ed. Vl\u00e1dy se touto problematikou a hrozbou skute\u010dn\u011b zab\u00fdvaj\u00ed. N\u011bkolik organizac\u00ed po cel\u00e9m sv\u011bt\u011b se zav\u00e1zaly, \u017ee p\u0159etvo\u0159\u00ed pou\u017eit\u00e9 plenky a sanit\u00e1rn\u00ed v\u00fdrobky do ka\u017edodenn\u00edch p\u0159edm\u011bt\u016f, jako jsou plastov\u00e9 lavi\u010dky a lahve. M\u00e1 to velk\u00fd potenci\u00e1l, nap\u0159\u00edklad v Brit\u00e1nii jsou ka\u017edoro\u010dn\u011b vyhazov\u00e1ny t\u0159i miliardy plenek.\t\tPlast se obecn\u011b vyr\u00e1b\u00ed z ropy, proto\u017ee to je jedin\u00fd zdroj v\u0161ech uhlovod\u00edk\u016f a jejich deriv\u00e1t\u016f. Nyn\u00ed je plast mo\u017en\u00e9 recyklovat i z plenek, p\u0159i n\u00ed se mohou sn\u00ed\u017eit emise oxidu uhli\u010dit\u00e9ho do ovzdu\u0161\u00ed.\t\u00a0\tRecyklace m\u00e1 velk\u00fd potenci\u00e1l i pro ostatn\u00ed v\u011bci. Ji\u017e po mnoho des\u00edtek let se zavedla recyklace sklen\u011bn\u00e9ho odpadu. Sklo je toti\u017e nerozlo\u017eiteln\u00fd materi\u00e1l a p\u0159i jeho neust\u00e1le nov\u00e9 produkci by se na\u0161e Zem\u011b snadno mohla zahltit.\t\u00a0\tPopulace po cel\u00e9 Zemi roste. Mnoz\u00ed statistici a analytici v\u011b\u0159\u00ed, \u017ee je tomu d\u00edky vysp\u011bl\u00e9mu l\u00e9ka\u0159stv\u00ed, absenci sv\u011btov\u00fdch v\u00e1lek, pandemick\u00fdch chorob a p\u0159\u00edrodn\u00edch katastrof kter\u00e9 ,,p\u0159irozen\u011b\u2018\u2018 likviduj\u00ed obyvatelstvo na Zemi. A\u010dkoli je tento v\u00fdrok p\u0159\u00edli\u0161 surov\u00fd, je logick\u00fd. \u010c\u00edm v\u00edce lid\u00ed bude na zemi t\u00edm v\u00edce odpadu se bude produkovat.\t\tIde\u00e1lem by byla nekone\u010dn\u00e1 recyklace naprosto v\u0161ech odpadk\u016f, t\u00edm by se zabr\u00e1nilo jejich kumulaci a zastavil by se r\u016fst.                                                                                                                                                                                                                                                                                                                                                                                        4.5\/5 - (2 votes)        "},{"@context":"https:\/\/schema.org\/","@type":"BreadcrumbList","itemListElement":[{"@type":"ListItem","position":1,"name":"Lavi\u010dky vyroben\u00e9 z plenek","item":"https:\/\/www.ostaco.cz\/lavicky-vyrobene-z-plenek\/#breadcrumbitem"}]}]