[{"@context":"https:\/\/schema.org\/","@type":"Article","@id":"https:\/\/www.ostaco.cz\/muzeme-na-balkon-pouzit-sklenene-zabradli\/#Article","mainEntityOfPage":"https:\/\/www.ostaco.cz\/muzeme-na-balkon-pouzit-sklenene-zabradli\/","headline":"M\u016f\u017eeme na balk\u00f3n pou\u017e\u00edt sklen\u011bn\u00e9 z\u00e1bradl\u00ed?","name":"M\u016f\u017eeme na balk\u00f3n pou\u017e\u00edt sklen\u011bn\u00e9 z\u00e1bradl\u00ed?","description":"Jednou z prakticky nezbytn\u00fdch sou\u010d\u00e1st\u00ed t\u00e9m\u011b\u0159 ka\u017ed\u00e9ho schodi\u0161t\u011b, balk\u00f3nu \u010di terasy, je bezesporu z\u00e1bradl\u00ed. To m\u016f\u017eeme naj\u00edt v mnoha proveden\u00edch, vyroben\u00e9 z nejr\u016fzn\u011bj\u0161\u00edch materi\u00e1l\u016f. Ten se vol\u00ed p\u0159edev\u0161\u00edm podle jeho um\u00edst\u011bn\u00ed, svou roli v\u0161ak hraje i vkus majitele. Jedn\u00edm z... <a class=\"more-link\" href=\"https:\/\/www.ostaco.cz\/muzeme-na-balkon-pouzit-sklenene-zabradli\/\">Pokra\u010dovat ve \u010dten\u00ed &rarr;<\/a>","datePublished":"2021-03-19","dateModified":"2023-05-07","author":{"@type":"Person","@id":"https:\/\/www.ostaco.cz\/author\/#Person","name":"","url":"https:\/\/www.ostaco.cz\/author\/","identifier":1,"image":{"@type":"ImageObject","@id":"https:\/\/secure.gravatar.com\/avatar\/69bd9b72104e3ccfb6214cbd23cb226f96c6ecf33a2a351fa1d4682235118df3?s=96&d=mm&r=g","url":"https:\/\/secure.gravatar.com\/avatar\/69bd9b72104e3ccfb6214cbd23cb226f96c6ecf33a2a351fa1d4682235118df3?s=96&d=mm&r=g","height":96,"width":96}},"publisher":{"@type":"Organization","name":"ostaco.cz","logo":{"@type":"ImageObject","@id":"\/logo.png","url":"\/logo.png","width":600,"height":60}},"image":{"@type":"ImageObject","@id":"https:\/\/www.ostaco.cz\/wp-content\/uploads\/balkon1_10_10_10_10_1.jpg","url":"https:\/\/www.ostaco.cz\/wp-content\/uploads\/balkon1_10_10_10_10_1.jpg","height":0,"width":0},"url":"https:\/\/www.ostaco.cz\/muzeme-na-balkon-pouzit-sklenene-zabradli\/","about":["N\u00e1kupy"],"wordCount":458,"articleBody":"   Jednou z prakticky nezbytn\u00fdch sou\u010d\u00e1st\u00ed t\u00e9m\u011b\u0159 ka\u017ed\u00e9ho schodi\u0161t\u011b, balk\u00f3nu \u010di terasy, je bezesporu z\u00e1bradl\u00ed. To m\u016f\u017eeme naj\u00edt v mnoha proveden\u00edch, vyroben\u00e9 z nejr\u016fzn\u011bj\u0161\u00edch materi\u00e1l\u016f. Ten se vol\u00ed p\u0159edev\u0161\u00edm podle jeho um\u00edst\u011bn\u00ed, svou roli v\u0161ak hraje i vkus majitele.Jedn\u00edm z typ\u016f, kter\u00e9 za\u010daly v posledn\u00ed dob\u011b z\u00edsk\u00e1vat na popularit\u011b, je i sklen\u011bn\u00e9 z\u00e1bradl\u00ed. To dnes najdeme na mnoha ve\u0159ejn\u00fdch m\u00edstech, p\u0159edev\u0161\u00edm pak v obchodn\u00edch centrech. Zde m\u00e1 za \u00fakol umo\u017enit z\u00e1kazn\u00edk\u016fm pln\u00fd rozhled po v\u0161ech obchodech okolo.Samoz\u0159ejm\u011b je nejprve nutn\u00e9 p\u00e1r v\u011bc\u00ed klasifikovat. V prvn\u00ed \u0159ad\u011b samoz\u0159ejm\u011b nen\u00ed cel\u00e9 z\u00e1bradl\u00ed ze skla. Ve skute\u010dnosti se jedn\u00e1 o sklen\u011bn\u00e9 desky, um\u00edst\u011bn\u00e9 na kovov\u00e9, \u010dasto chromov\u00e9 \u010di pochromovan\u00e9 konstrukci.D\u00e1le je pot\u0159eba osv\u011btlit jeho bezpe\u010dnost. P\u0159eci jen, sklo b\u00fdv\u00e1 velmi \u010dasto a opr\u00e1vn\u011bn\u011b vn\u00edm\u00e1no jako pom\u011brn\u011b k\u0159ehk\u00fd materi\u00e1l. A to je samoz\u0159ejm\u011b pravda. V tomto p\u0159\u00edpad\u011b se v\u0161ak pou\u017e\u00edv\u00e1 speci\u00e1ln\u00ed tvrzen\u00fd typ, kter\u00fd je podstatn\u011b odoln\u011bj\u0161\u00ed ne\u017e ten klasick\u00fd, kter\u00fd m\u00e1me nap\u0159\u00edklad v okn\u011b.K tomu je pot\u0159eba p\u0159idat i fakt, \u017ee je p\u0159elepeno pr\u016fhlednou f\u00f3li\u00ed. Ta jednak usnad\u0148uje \u00faklid, nebo\u0165 na n\u00ed neulp\u00edvaj\u00ed otisky prst\u016f, a z\u00e1rove\u0148 zabra\u0148uje tomu, aby se v tom nepravd\u011bpodobn\u00e9m p\u0159\u00edpad\u011b rozt\u0159\u00ed\u0161t\u011bn\u00ed st\u0159epy rozl\u00e9tly do okol\u00ed.To v\u0161e zn\u00ed dob\u0159e, ot\u00e1zkou je, zda je vhodn\u00e9 i do soukrom\u00fdch dom\u016f a byt\u016f. Mus\u00edme si toti\u017e uv\u011bdomit, \u017ee a\u010dkoliv n\u00e1m poskytuje neomezen\u00fd v\u00fdhled ven, kolemjdouc\u00edm z\u00e1rove\u0148 umo\u017e\u0148uje d\u00edvat se dovnit\u0159. Je tedy ot\u00e1zka, nakolik chcete m\u00edt na balk\u00f3n\u011b soukrom\u00ed.Zde je samoz\u0159ejm\u011b nutn\u00e9 tak\u00e9 vz\u00edt v \u00favahu polohu va\u0161eho domu. Pokud nap\u0159\u00edklad bydl\u00edte na frekventovan\u00e9 ulici, asi bude situace jin\u00e1, ne\u017e kdy\u017e v\u00e1\u0161 d\u016fm stoj\u00ed n\u011bkde na okraji mal\u00e9 vesni\u010dky, kde nikdo neprojde, jak je rok dlouh\u00fd.Samoz\u0159ejm\u011b existuje i mo\u017enost matn\u00e9ho skla, tedy takov\u00e9ho, kter\u00e9 sice propou\u0161t\u00ed sv\u011btlo, ale z\u00e1rove\u0148 rozost\u0159uje obraz, tak\u017ee nebude vid\u011bt nic jin\u00e9ho, ne\u017e neur\u010dit\u00e9 tvary. Zde samoz\u0159ejm\u011b z\u00e1le\u017e\u00ed na tom, zda v\u00e1m jde o v\u00fdhled \u010di o sv\u011btlo.Z\u00e1le\u017e\u00ed tedy na v\u00e1s, kter\u00fd typ si vyberete. Jen p\u0159edt\u00edm zva\u017ete v\u0161echna pro a proti, a\u0165 pak sv\u00e9 volby nelitujete.                                                                                                                                                                                                                                                                                                                                                                                          3.9\/5 - (11 votes)        "},{"@context":"https:\/\/schema.org\/","@type":"BreadcrumbList","itemListElement":[{"@type":"ListItem","position":1,"name":"M\u016f\u017eeme na balk\u00f3n pou\u017e\u00edt sklen\u011bn\u00e9 z\u00e1bradl\u00ed?","item":"https:\/\/www.ostaco.cz\/muzeme-na-balkon-pouzit-sklenene-zabradli\/#breadcrumbitem"}]}]