[{"@context":"https:\/\/schema.org\/","@type":"Article","@id":"https:\/\/www.ostaco.cz\/nase-uzitkova-auta-jsou-pro-vas-pripravena-non-stop\/#Article","mainEntityOfPage":"https:\/\/www.ostaco.cz\/nase-uzitkova-auta-jsou-pro-vas-pripravena-non-stop\/","headline":"Na\u0161e u\u017eitkov\u00e1 auta jsou pro v\u00e1s p\u0159ipravena non stop","name":"Na\u0161e u\u017eitkov\u00e1 auta jsou pro v\u00e1s p\u0159ipravena non stop","description":"Nyn\u00ed m\u00e1te perfektn\u00ed p\u0159\u00edle\u017eitost vyu\u017e\u00edt na\u0161\u00ed p\u016fj\u010dovny dod\u00e1vek. V na\u0161\u00ed nab\u00eddce m\u00e1me pron\u00e1jmy u\u017eitkov\u00fdch a chlad\u00edrensk\u00fdch vozidel a mikrobus\u016f. M\u016f\u017eete po\u017e\u00e1dat o kr\u00e1tkodob\u00fd nebo dlouhodob\u00fd pron\u00e1jem. Chcete-li dlouhodob\u00fd, d\u00e1me v\u00e1m individu\u00e1ln\u00ed nab\u00eddku. V\u0161echna jsou ve v\u00fdborn\u00e9m technick\u00e9m stavu. Nen\u00ed t\u0159eba... <a class=\"more-link\" href=\"https:\/\/www.ostaco.cz\/nase-uzitkova-auta-jsou-pro-vas-pripravena-non-stop\/\">Pokra\u010dovat ve \u010dten\u00ed &rarr;<\/a>","datePublished":"2024-04-29","dateModified":"2024-04-29","author":{"@type":"Person","@id":"https:\/\/www.ostaco.cz\/author\/#Person","name":"","url":"https:\/\/www.ostaco.cz\/author\/","identifier":1,"image":{"@type":"ImageObject","@id":"https:\/\/secure.gravatar.com\/avatar\/69bd9b72104e3ccfb6214cbd23cb226f96c6ecf33a2a351fa1d4682235118df3?s=96&d=mm&r=g","url":"https:\/\/secure.gravatar.com\/avatar\/69bd9b72104e3ccfb6214cbd23cb226f96c6ecf33a2a351fa1d4682235118df3?s=96&d=mm&r=g","height":96,"width":96}},"publisher":{"@type":"Organization","name":"ostaco.cz","logo":{"@type":"ImageObject","@id":"\/logo.png","url":"\/logo.png","width":600,"height":60}},"url":"https:\/\/www.ostaco.cz\/nase-uzitkova-auta-jsou-pro-vas-pripravena-non-stop\/","wordCount":169,"articleBody":"Nyn\u00ed m\u00e1te perfektn\u00ed p\u0159\u00edle\u017eitost vyu\u017e\u00edt na\u0161\u00ed p\u016fj\u010dovny dod\u00e1vek. V na\u0161\u00ed nab\u00eddce m\u00e1me pron\u00e1jmy u\u017eitkov\u00fdch a chlad\u00edrensk\u00fdch vozidel a mikrobus\u016f. M\u016f\u017eete po\u017e\u00e1dat o kr\u00e1tkodob\u00fd nebo dlouhodob\u00fd pron\u00e1jem. Chcete-li dlouhodob\u00fd, d\u00e1me v\u00e1m individu\u00e1ln\u00ed nab\u00eddku. V\u0161echna jsou ve v\u00fdborn\u00e9m technick\u00e9m stavu. Nen\u00ed t\u0159eba se ob\u00e1vat, \u017ee v\u00e1m sel\u017eou na cest\u011b.\tMohou pomoci p\u0159i st\u011bhov\u00e1n\u00edM\u011bn\u00edte adresu sv\u00e9ho bydli\u0161t\u011b? Potom p\u0159edpokl\u00e1d\u00e1me, \u017ee budete pot\u0159ebovat p\u0159est\u011bhovat sv\u016fj n\u00e1bytek, p\u0159\u00edpadn\u011b dal\u0161\u00ed za\u0159\u00edzen\u00ed st\u00e1vaj\u00edc\u00edho bytu. Pokud nechcete vyu\u017e\u00edvat drah\u00fdch st\u011bhovac\u00edch slu\u017eeb, m\u016f\u017eete se obr\u00e1tit na na\u0161\u00ed p\u016fj\u010dovnu dod\u00e1vek. Dostanete k dispozici po dobu st\u011bhov\u00e1n\u00ed vhodn\u00e9 u\u017eitkov\u00e9 vozidlo a m\u016f\u017eete se do toho pustit sami. T\u011b\u0161\u00edme se na v\u00e1s.                                                                                                                                                                                                                                                                                                                                                                                        4.8\/5 - (6 votes)        "},{"@context":"https:\/\/schema.org\/","@type":"BreadcrumbList","itemListElement":[{"@type":"ListItem","position":1,"name":"Na\u0161e u\u017eitkov\u00e1 auta jsou pro v\u00e1s p\u0159ipravena non stop","item":"https:\/\/www.ostaco.cz\/nase-uzitkova-auta-jsou-pro-vas-pripravena-non-stop\/#breadcrumbitem"}]}]