[{"@context":"https:\/\/schema.org\/","@type":"Article","@id":"https:\/\/www.ostaco.cz\/nase-vyrobky-si-muzete-vyzvednou-i-na-nasi-prodejne\/#Article","mainEntityOfPage":"https:\/\/www.ostaco.cz\/nase-vyrobky-si-muzete-vyzvednou-i-na-nasi-prodejne\/","headline":"Na\u0161e v\u00fdrobky si m\u016f\u017eete vyzvednou i na na\u0161\u00ed prodejn\u011b","name":"Na\u0161e v\u00fdrobky si m\u016f\u017eete vyzvednou i na na\u0161\u00ed prodejn\u011b","description":"Na\u0161e z\u00e1kazn\u00edky m\u016f\u017eeme upozornit, \u017ee na\u0161e odvlh\u010dova\u010de vzduchu si mohou vyzvednout p\u0159\u00edmo i v na\u0161\u00ed prodejn\u011b. Zde si je mohou po p\u0159edchoz\u00ed domluv\u011b i sami vyzkou\u0161et. Ostatn\u00edm z\u00e1kazn\u00edk\u016fm zbo\u017e\u00ed odvezeme do m\u00edsta ur\u010den\u00ed zdarma, pokud se nach\u00e1z\u00ed v r\u00e1mci cel\u00e9... <a class=\"more-link\" href=\"https:\/\/www.ostaco.cz\/nase-vyrobky-si-muzete-vyzvednou-i-na-nasi-prodejne\/\">Pokra\u010dovat ve \u010dten\u00ed &rarr;<\/a>","datePublished":"2025-02-28","dateModified":"2025-02-28","author":{"@type":"Person","@id":"https:\/\/www.ostaco.cz\/author\/#Person","name":"","url":"https:\/\/www.ostaco.cz\/author\/","identifier":1,"image":{"@type":"ImageObject","@id":"https:\/\/secure.gravatar.com\/avatar\/69bd9b72104e3ccfb6214cbd23cb226f96c6ecf33a2a351fa1d4682235118df3?s=96&d=mm&r=g","url":"https:\/\/secure.gravatar.com\/avatar\/69bd9b72104e3ccfb6214cbd23cb226f96c6ecf33a2a351fa1d4682235118df3?s=96&d=mm&r=g","height":96,"width":96}},"publisher":{"@type":"Organization","name":"ostaco.cz","logo":{"@type":"ImageObject","@id":"\/logo.png","url":"\/logo.png","width":600,"height":60}},"url":"https:\/\/www.ostaco.cz\/nase-vyrobky-si-muzete-vyzvednou-i-na-nasi-prodejne\/","wordCount":167,"articleBody":"Na\u0161e z\u00e1kazn\u00edky m\u016f\u017eeme upozornit, \u017ee na\u0161e odvlh\u010dova\u010de vzduchu si mohou vyzvednout p\u0159\u00edmo i v na\u0161\u00ed prodejn\u011b. Zde si je mohou po p\u0159edchoz\u00ed domluv\u011b i sami vyzkou\u0161et. Ostatn\u00edm z\u00e1kazn\u00edk\u016fm zbo\u017e\u00ed odvezeme do m\u00edsta ur\u010den\u00ed zdarma, pokud se nach\u00e1z\u00ed v r\u00e1mci cel\u00e9 \u010cesk\u00e9 republiky. Tak nev\u00e1hejte a posp\u011b\u0161te si k n\u00e1m objednat tyto v\u00fdrobky.Zabra\u0148te vzniku pl\u00edsn\u00ed ve va\u0161ich bytechBydl\u00edte ve vlhk\u00e9m dom\u011b nebo byt\u011b? V\u00edte, \u017ee tak bydl\u00edte ve \u0161kodliv\u00e9m prost\u0159ed\u00ed? Tady je pot\u0159ebn\u00e9 zdi vysu\u0161ovat. S t\u00edm v\u00e1m mohou pomoci na\u0161e odvlh\u010dova\u010de vzduchu. Urychl\u00ed vysou\u0161en\u00ed zdiva. Ve vlhk\u00e9m prost\u0159ed\u00ed se tvo\u0159\u00ed pl\u00edsn\u011b na st\u011bn\u00e1ch. Jsou \u0161kodliv\u00e9 i va\u0161emu zdrav\u00ed. Rad\u00edme v\u00e1m si je urychlen\u011b po\u0159\u00eddit v z\u00e1jmu zlep\u0161en\u00ed va\u0161eho bydlen\u00ed a tak\u00e9 va\u0161eho zdrav\u00ed.                                                                                                                                                                                                                                                                                                                                                                                                "},{"@context":"https:\/\/schema.org\/","@type":"BreadcrumbList","itemListElement":[{"@type":"ListItem","position":1,"name":"Na\u0161e v\u00fdrobky si m\u016f\u017eete vyzvednou i na na\u0161\u00ed prodejn\u011b","item":"https:\/\/www.ostaco.cz\/nase-vyrobky-si-muzete-vyzvednou-i-na-nasi-prodejne\/#breadcrumbitem"}]}]