[{"@context":"https:\/\/schema.org\/","@type":"Article","@id":"https:\/\/www.ostaco.cz\/povleceni-na-postel\/#Article","mainEntityOfPage":"https:\/\/www.ostaco.cz\/povleceni-na-postel\/","headline":"Povle\u010den\u00ed na postel","name":"Povle\u010den\u00ed na postel","description":"Sh\u00e1n\u00edte-li d\u011btsk\u00e9 povle\u010den\u00ed na postel,m\u011bjte na pam\u011bti, \u017ee pro d\u011btsk\u00e1 povle\u010den\u00ed plat\u00ed tro\u0161i\u010dku jin\u00e1 krit\u00e9ria, ne\u017e pro klasick\u00e9 povle\u010den\u00ed na postel pro dosp\u011bl\u00e9 jedince. Pro d\u011btsk\u00e9 povle\u010den\u00ed na postel bychom jako prioritu m\u011bli volit bezpe\u010dnost d\u00edt\u011bte. Nen\u00ed toti\u017e schopno rozli\u0161it... <a class=\"more-link\" href=\"https:\/\/www.ostaco.cz\/povleceni-na-postel\/\">Pokra\u010dovat ve \u010dten\u00ed &rarr;<\/a>","datePublished":"2025-03-03","dateModified":"2025-03-03","author":{"@type":"Person","@id":"https:\/\/www.ostaco.cz\/author\/#Person","name":"","url":"https:\/\/www.ostaco.cz\/author\/","identifier":1,"image":{"@type":"ImageObject","@id":"https:\/\/secure.gravatar.com\/avatar\/69bd9b72104e3ccfb6214cbd23cb226f96c6ecf33a2a351fa1d4682235118df3?s=96&d=mm&r=g","url":"https:\/\/secure.gravatar.com\/avatar\/69bd9b72104e3ccfb6214cbd23cb226f96c6ecf33a2a351fa1d4682235118df3?s=96&d=mm&r=g","height":96,"width":96}},"publisher":{"@type":"Organization","name":"ostaco.cz","logo":{"@type":"ImageObject","@id":"\/logo.png","url":"\/logo.png","width":600,"height":60}},"url":"https:\/\/www.ostaco.cz\/povleceni-na-postel\/","wordCount":182,"articleBody":"Sh\u00e1n\u00edte-li d\u011btsk\u00e9 povle\u010den\u00ed na postel,m\u011bjte na pam\u011bti, \u017ee pro d\u011btsk\u00e1 povle\u010den\u00ed plat\u00ed tro\u0161i\u010dku jin\u00e1 krit\u00e9ria, ne\u017e pro klasick\u00e9 povle\u010den\u00ed na postel pro dosp\u011bl\u00e9 jedince.Pro d\u011btsk\u00e9 povle\u010den\u00ed na postel bychom jako prioritu m\u011bli volit bezpe\u010dnost d\u00edt\u011bte. Nen\u00ed toti\u017e schopno rozli\u0161it hranice bezpe\u010dnosti. Oby\u010dejn\u00fd knofl\u00edk m\u016f\u017ee pova\u017eovat za bonb\u00f3n a pokud se mu poda\u0159\u00ed ho z povle\u010den\u00ed odstranit, m\u016f\u017ee skon\u010dit nejen v pr\u016fdu\u0161k\u00e1ch, ale t\u0159eba i v nosn\u00ed d\u00edrce. To byste ur\u010dit\u011b necht\u011bli. U povle\u010den\u00ed na postel pro d\u011bti je rovn\u011b\u017e velmi d\u016fle\u017eit\u00e1 kvalita. D\u011btsk\u00e9 povle\u010den\u00ed mus\u00ed b\u00fdt vyrobeno z kvalitn\u00edch zdravotn\u011b nez\u00e1vadn\u00fdch materi\u00e1l\u016f.Mysl\u00edme i na bezpe\u010dnost va\u0161ich d\u011bt\u00edNepodstatn\u00e9 je v z\u00e1vislosti na prvn\u00edch dvou bodech barevn\u00e9 proveden\u00ed d\u011btsk\u00e9ho povle\u010den\u00ed, i kdy\u017e je jasn\u00e9, \u017ee d\u011bti preferuj\u00ed barevnost a obr\u00e1zky.                                                                                                                                                                                                                                                                                                                                                                                        5\/5 - (1 vote)        "},{"@context":"https:\/\/schema.org\/","@type":"BreadcrumbList","itemListElement":[{"@type":"ListItem","position":1,"name":"Povle\u010den\u00ed na postel","item":"https:\/\/www.ostaco.cz\/povleceni-na-postel\/#breadcrumbitem"}]}]