[{"@context":"https:\/\/schema.org\/","@type":"Article","@id":"https:\/\/www.ostaco.cz\/skvele-jasle-kde-su-deticky-spokojne\/#Article","mainEntityOfPage":"https:\/\/www.ostaco.cz\/skvele-jasle-kde-su-deticky-spokojne\/","headline":"Skvel\u00e9 jasle, kde s\u00fa deti\u010dky spokojn\u00e9","name":"Skvel\u00e9 jasle, kde s\u00fa deti\u010dky spokojn\u00e9","description":"Je zn\u00e1me, \u017ee ka\u017ed\u00fd miluj\u00faci rodi\u010d chce pre svoju drahocenn\u00fa ratoles\u0165 len to najlep\u0161ie. Ale nezab\u00fadate na tento fakt pri v\u00fdbere zariadenia, v ktorom bude tr\u00e1vi\u0165 Va\u0161e die\u0165a \u010das pokia\u013e si Vy budete plni\u0165 svoje povinnosti v pr\u00e1ci? Uvedomte si,... <a class=\"more-link\" href=\"https:\/\/www.ostaco.cz\/skvele-jasle-kde-su-deticky-spokojne\/\">Pokra\u010dovat ve \u010dten\u00ed &rarr;<\/a>","datePublished":"2024-12-08","dateModified":"2024-12-08","author":{"@type":"Person","@id":"https:\/\/www.ostaco.cz\/author\/#Person","name":"","url":"https:\/\/www.ostaco.cz\/author\/","identifier":1,"image":{"@type":"ImageObject","@id":"https:\/\/secure.gravatar.com\/avatar\/69bd9b72104e3ccfb6214cbd23cb226f96c6ecf33a2a351fa1d4682235118df3?s=96&d=mm&r=g","url":"https:\/\/secure.gravatar.com\/avatar\/69bd9b72104e3ccfb6214cbd23cb226f96c6ecf33a2a351fa1d4682235118df3?s=96&d=mm&r=g","height":96,"width":96}},"publisher":{"@type":"Organization","name":"ostaco.cz","logo":{"@type":"ImageObject","@id":"\/logo.png","url":"\/logo.png","width":600,"height":60}},"url":"https:\/\/www.ostaco.cz\/skvele-jasle-kde-su-deticky-spokojne\/","wordCount":227,"articleBody":" Je zn\u00e1me, \u017ee ka\u017ed\u00fd miluj\u00faci rodi\u010d chce pre svoju drahocenn\u00fa ratoles\u0165 len to najlep\u0161ie. Ale nezab\u00fadate na tento fakt pri v\u00fdbere zariadenia, v ktorom bude tr\u00e1vi\u0165 Va\u0161e die\u0165a \u010das pokia\u013e si Vy budete plni\u0165 svoje povinnosti v pr\u00e1ci? Uvedomte si, \u017ee doba, ktor\u00fa tu str\u00e1vi je dos\u0165 dlh\u00e1 a preto by sa po\u010das nej malo c\u00edti\u0165 pr\u00edjemne. Pokia\u013e chcete, aby sa toho ve\u013ea nau\u010dilo a za\u017eilo mnoho kr\u00e1snych chv\u00ed\u013e, mali by ste spozornie\u0165. Na\u0161e jasle Bratislava s\u00fa vyhl\u00e1sen\u00e9 u\u017e \u0161iroko \u010faleko a v\u010faka pr\u00edvetiv\u00e9mu jednaniu s ka\u017ed\u00fdm jedn\u00fdm \u0161puntom aj ve\u013emi ob\u013e\u00faben\u00e9. R\u00f4znorod\u00fd z\u00e1bavno-n\u00e1u\u010dn\u00fd program Ve\u013ea na\u0161ich mal\u00fdch \u010dlenov u n\u00e1s spravilo svoje prv\u00e9 kr\u00f4\u010dky, odnau\u010dilo sa pou\u017e\u00edva\u0165 plienky, osvojilo si stravovacie n\u00e1vyky \u010di roz\u0161\u00edrilo svoju zru\u010dnos\u0165. Zv\u00e4\u010d\u0161ovanie slovnej z\u00e1soby, precvi\u010dovanie pam\u00e4te pomocou r\u00f4znych z\u00e1bavn\u00fdch hier, kr\u00e1snych b\u00e1sni\u010diek \u010di vesel\u00fdch pesni\u010diek je samozrejmos\u0165ou. Po\u010das d\u0148a m\u00e1me \u010das rozvrhnut\u00fd na pobyt vo vn\u00fatri, av\u0161ak aj vonku. Sledujeme okolit\u00fd svet, hr\u00e1me sa na ihrisk\u00e1ch a u\u010d\u00edme sa aj ako sa m\u00e1me spr\u00e1va\u0165 na ulici.                                                                                                                                                                                                                                                                                                                                                                                                "},{"@context":"https:\/\/schema.org\/","@type":"BreadcrumbList","itemListElement":[{"@type":"ListItem","position":1,"name":"Skvel\u00e9 jasle, kde s\u00fa deti\u010dky spokojn\u00e9","item":"https:\/\/www.ostaco.cz\/skvele-jasle-kde-su-deticky-spokojne\/#breadcrumbitem"}]}]