[{"@context":"https:\/\/schema.org\/","@type":"Article","@id":"https:\/\/www.ostaco.cz\/socialni-site-posouvaji-osobni-hranice\/#Article","mainEntityOfPage":"https:\/\/www.ostaco.cz\/socialni-site-posouvaji-osobni-hranice\/","headline":"Soci\u00e1ln\u00ed s\u00edt\u011b posouvaj\u00ed osobn\u00ed hranice","name":"Soci\u00e1ln\u00ed s\u00edt\u011b posouvaj\u00ed osobn\u00ed hranice","description":"Hranice osobn\u00edho se posouv\u00e1 Odosobn\u011bn\u00fd \u017eivot na soci\u00e1ln\u00edch s\u00edt\u00edch, kter\u00fd se stal n\u00e1pln\u00ed na\u0161eho ka\u017edodenn\u00edho \u017eivota, n\u00e1s postupn\u011b odd\u011bluje od re\u00e1ln\u00e9ho sv\u011bta a posouv\u00e1 hranice na\u0161\u00ed b\u011b\u017en\u00e9 komunikace. Denn\u011b sd\u00edl\u00edme nep\u0159ebern\u00e9 mno\u017estv\u00ed textov\u00fdch informac\u00ed, vlastn\u00edch fotografi\u00ed i fotografi\u00ed p\u0159\u00e1tel a... <a class=\"more-link\" href=\"https:\/\/www.ostaco.cz\/socialni-site-posouvaji-osobni-hranice\/\">Pokra\u010dovat ve \u010dten\u00ed &rarr;<\/a>","datePublished":"2019-10-12","dateModified":"2023-05-07","author":{"@type":"Person","@id":"https:\/\/www.ostaco.cz\/author\/#Person","name":"","url":"https:\/\/www.ostaco.cz\/author\/","identifier":1,"image":{"@type":"ImageObject","@id":"https:\/\/secure.gravatar.com\/avatar\/69bd9b72104e3ccfb6214cbd23cb226f96c6ecf33a2a351fa1d4682235118df3?s=96&d=mm&r=g","url":"https:\/\/secure.gravatar.com\/avatar\/69bd9b72104e3ccfb6214cbd23cb226f96c6ecf33a2a351fa1d4682235118df3?s=96&d=mm&r=g","height":96,"width":96}},"publisher":{"@type":"Organization","name":"ostaco.cz","logo":{"@type":"ImageObject","@id":"\/logo.png","url":"\/logo.png","width":600,"height":60}},"image":{"@type":"ImageObject","@id":"https:\/\/www.ostaco.cz\/wp-content\/uploads\/img_a358011_w3822_t1572354220.jpg","url":"https:\/\/www.ostaco.cz\/wp-content\/uploads\/img_a358011_w3822_t1572354220.jpg","height":0,"width":0},"url":"https:\/\/www.ostaco.cz\/socialni-site-posouvaji-osobni-hranice\/","about":["Internet"],"wordCount":446,"articleBody":"\tHranice osobn\u00edho se posouv\u00e1Odosobn\u011bn\u00fd \u017eivot na soci\u00e1ln\u00edch s\u00edt\u00edch, kter\u00fd se stal n\u00e1pln\u00ed na\u0161eho ka\u017edodenn\u00edho \u017eivota, n\u00e1s postupn\u011b odd\u011bluje od re\u00e1ln\u00e9ho sv\u011bta a posouv\u00e1 hranice na\u0161\u00ed b\u011b\u017en\u00e9 komunikace. Denn\u011b sd\u00edl\u00edme nep\u0159ebern\u00e9 mno\u017estv\u00ed textov\u00fdch informac\u00ed, vlastn\u00edch fotografi\u00ed i fotografi\u00ed p\u0159\u00e1tel a st\u00e1le dokola komentujeme a komentujeme. Komentujeme \u00fapln\u011b v\u0161e, komentujeme fotografie p\u0159\u00e1tel z&nbsp;dovolen\u00e9, politickou situaci i jablkov\u00fd kol\u00e1\u010d, kter\u00fd upekla zn\u00e1m\u00e1 blogerka. M\u00edt n\u00e1zor na v\u0161e je zcela modern\u00ed. A tak sd\u011blujeme sv\u00e9 n\u00e1zory st\u00e1le \u010dast\u011bji, ani\u017e bychom si uv\u011bdomili, \u017ee v\u0161\u00edm co vypust\u00edme na soci\u00e1ln\u00ed s\u00edt\u011b, vytv\u00e1\u0159\u00edme obraz sebe sama, kter\u00fd si m\u016f\u017ee kdokoli prohl\u00e9dnout.Zat\u00edm co ve skute\u010dn\u00e9 konverzaci bychom \u010dlov\u011bku, kter\u00e9ho jsme pr\u00e1v\u011b poznali, nevykl\u00e1dali o sv\u00fdch b\u00fdval\u00fdch partnerech, kde jsme se opili nebo \u017ee m\u00e1me nov\u00e9 spodn\u00ed pr\u00e1dlo, p\u0159\u00edpadn\u011b jak\u00e9 je na\u0161e n\u00e1bo\u017eensk\u00e9 vyzn\u00e1n\u00ed, t\u00edm \u017ee si ho p\u0159id\u00e1me do p\u0159\u00e1tel na soci\u00e1ln\u00edch s\u00edt\u00edch, mu pr\u00e1v\u011b v\u0161echny tyhle informace poskytneme.Pokud tedy chci o n\u011bkom n\u011bco v\u011bd\u011bt, sta\u010d\u00ed proj\u00edt jeho ve\u0161ker\u00e9 p\u0159\u00edsp\u011bvky na Facebooku a t\u00edm zdaleka nemysl\u00edm jen jeho ze\u010f. M\u00e1lokdo si d\u00e1 tu pr\u00e1ci, aby se pod\u00edval, co v\u0161e o n\u011bm na internetu koluje. Pokud si toti\u017e zad\u00e1m vyhled\u00e1v\u00e1n\u00ed konkr\u00e9tn\u00edho \u010dlov\u011bka na Facebooku podle p\u0159\u00edsp\u011bvk\u016f nebo fotek \u010di koment\u00e1\u0159\u016f, mnohdy najdu n\u011bkolik let poh\u0159ben\u00e9 informace, o kter\u00fdch s\u00e1m doty\u010dn\u00fd u\u017e d\u00e1vno nev\u00ed.\tSd\u00edlen\u00ed informac\u00ed zabra\u0148uje osobn\u00edm hovor\u016fmInformace, kter\u00e9 o dan\u00e9m \u010dlov\u011bku m\u00e1m, se tak d\u011bl\u00ed na dv\u011b skupiny. Prvn\u00ed skupinou jsou informace, kter\u00e9 mi ofici\u00e1ln\u011b ne\u0159ekl a kter\u00e9 bych nem\u011bla v\u011bd\u011bt, tedy ty vy\u010dten\u00e9 z&nbsp;Facebooku. Druhou kategori\u00ed jsou informace, kter\u00e9 mi s\u00e1m \u0159ekl.Nejen, \u017ee si soci\u00e1ln\u00edmi s\u00edt\u011bmi sami bereme mo\u017enost poznat n\u011bkoho p\u0159\u00edmo, skute\u010dn\u011b mu v\u011bnovat \u010das a b\u00fdt schopni naslouchat. Nav\u00edc si mnohdy vytv\u00e1\u0159\u00edme o dan\u00e9m \u010dlov\u011bku zkreslen\u00e9 informace, kter\u00e9 pramen\u00ed ze zd\u00e1nliv\u00e9ho mno\u017estv\u00ed informac\u00ed, kter\u00e9 o n\u011bm m\u016f\u017eeme na internetu dohledat.Proto zapome\u0148te alespo\u0148 ob\u010das na Facebookov\u00e9 profily a skute\u010dn\u011b n\u011bkomu v\u011bnujme re\u00e1ln\u00fd \u010das.                                                                                                                                                                                                                                                                                                                                                                                        4.6\/5 - (5 votes)        "},{"@context":"https:\/\/schema.org\/","@type":"BreadcrumbList","itemListElement":[{"@type":"ListItem","position":1,"name":"Soci\u00e1ln\u00ed s\u00edt\u011b posouvaj\u00ed osobn\u00ed hranice","item":"https:\/\/www.ostaco.cz\/socialni-site-posouvaji-osobni-hranice\/#breadcrumbitem"}]}]