[{"@context":"https:\/\/schema.org\/","@type":"Article","@id":"https:\/\/www.ostaco.cz\/virivka-praha\/#Article","mainEntityOfPage":"https:\/\/www.ostaco.cz\/virivka-praha\/","headline":"V\u00ed\u0159ivka Praha","name":"V\u00ed\u0159ivka Praha","description":"Byli jste u\u017e v na\u0161em za\u0159\u00edzen\u00ed? Pokud va\u0161e odpov\u011b\u010f zn\u00ed ne, pak je t\u0159eba to napravit. Posp\u011b\u0161te si k n\u00e1m. Sami uvid\u00edte, \u017ee v\u00ed\u0159ivka Praha zato stoj\u00ed. Pom\u016f\u017eeme v\u00e1m z\u00edskat nov\u00e9 s\u00edly do dal\u0161\u00ed pr\u00e1ce. M\u00e1te mo\u017enost relaxovat ve finsk\u00e9... <a class=\"more-link\" href=\"https:\/\/www.ostaco.cz\/virivka-praha\/\">Pokra\u010dovat ve \u010dten\u00ed &rarr;<\/a>","datePublished":"2025-03-31","dateModified":"2025-03-31","author":{"@type":"Person","@id":"https:\/\/www.ostaco.cz\/author\/#Person","name":"","url":"https:\/\/www.ostaco.cz\/author\/","identifier":1,"image":{"@type":"ImageObject","@id":"https:\/\/secure.gravatar.com\/avatar\/69bd9b72104e3ccfb6214cbd23cb226f96c6ecf33a2a351fa1d4682235118df3?s=96&d=mm&r=g","url":"https:\/\/secure.gravatar.com\/avatar\/69bd9b72104e3ccfb6214cbd23cb226f96c6ecf33a2a351fa1d4682235118df3?s=96&d=mm&r=g","height":96,"width":96}},"publisher":{"@type":"Organization","name":"ostaco.cz","logo":{"@type":"ImageObject","@id":"\/logo.png","url":"\/logo.png","width":600,"height":60}},"url":"https:\/\/www.ostaco.cz\/virivka-praha\/","wordCount":199,"articleBody":"Byli jste u\u017e v na\u0161em za\u0159\u00edzen\u00ed? Pokud va\u0161e odpov\u011b\u010f zn\u00ed ne, pak je t\u0159eba to napravit. Posp\u011b\u0161te si k n\u00e1m. Sami uvid\u00edte, \u017ee v\u00ed\u0159ivka Praha zato stoj\u00ed. Pom\u016f\u017eeme v\u00e1m z\u00edskat nov\u00e9 s\u00edly do dal\u0161\u00ed pr\u00e1ce. M\u00e1te mo\u017enost relaxovat ve finsk\u00e9 saun\u011b, v\u00ed\u0159ivce \u010di p\u0159i mas\u00e1\u017ei. Ve v\u0161ech p\u0159\u00edpadech budete c\u00edtit velmi spokojeni a p\u0159ipraveni do dal\u0161\u00edch pracovn\u00edch dn\u016f. P\u0159ich\u00e1z\u00edme s nab\u00eddkou na relaxaci a uvoln\u011bn\u00ed po n\u00e1ro\u010dn\u00e9m pracovn\u00edm dni. U n\u00e1s se budete skv\u011ble c\u00edtit a sami uvid\u00edte, \u017ee po n\u00e1v\u0161t\u011bv\u011b v na\u0161em za\u0159\u00edzen\u00ed se budete c\u00edtit odpo\u010dati a uvoln\u011bni. \u010cek\u00e1 v\u00e1s v\u00ed\u0159ivka Praha. Ocitnete se v n\u00e1dhern\u00fdch orient\u00e1ln\u00edch interi\u00e9rech v samotn\u00e9m srdci Prahy. Tak nev\u00e1hejte a nav\u0161tivte n\u00e1s. Jsme tady pro v\u00e1s. Parkov\u00e1n\u00ed Sv\u00e9 auto po p\u0159edchoz\u00ed rezervaci m\u016f\u017eete m\u00edt zaparkovan\u00e9 v na\u0161\u00ed podzemn\u00ed gar\u00e1\u017ei. V\u00ed\u0159ivka Praha &#8211; to nejlep\u0161\u00ed pro v\u00e1\u0161 odpo\u010dinek.                                                                                                                                                                                                                                                                                                                                                                                        4\/5 - (1 vote)        "},{"@context":"https:\/\/schema.org\/","@type":"BreadcrumbList","itemListElement":[{"@type":"ListItem","position":1,"name":"V\u00ed\u0159ivka Praha","item":"https:\/\/www.ostaco.cz\/virivka-praha\/#breadcrumbitem"}]}]