[{"@context":"https:\/\/schema.org\/","@type":"Article","@id":"https:\/\/www.ostaco.cz\/vymahani-pohledavek\/#Article","mainEntityOfPage":"https:\/\/www.ostaco.cz\/vymahani-pohledavek\/","headline":"Vym\u00e1h\u00e1n\u00ed pohled\u00e1vek","name":"Vym\u00e1h\u00e1n\u00ed pohled\u00e1vek","description":"Na\u0161e firma V\u00e1m pom\u016f\u017ee s Va\u0161imi pohled\u00e1vkami. A\u0165 u\u017e jste se do sv\u00edzeln\u00e9 situace dostali jakkoliv, my Va\u0161e pen\u00edze z\u00edsk\u00e1me zp\u011bt! Vym\u00e1h\u00e1n\u00ed pohled\u00e1vek zaru\u010duje jasn\u00e9 v\u00fdsledky a to pr\u00e1v\u011b s n\u00e1mi! Vym\u00e1h\u00e1n\u00ed pohled\u00e1vek M\u00e1me dlouholet\u00e9 zku\u0161enosti, kter\u00e9 jsme z\u00edskali deseti... <a class=\"more-link\" href=\"https:\/\/www.ostaco.cz\/vymahani-pohledavek\/\">Pokra\u010dovat ve \u010dten\u00ed &rarr;<\/a>","datePublished":"2025-04-08","dateModified":"2025-04-08","author":{"@type":"Person","@id":"https:\/\/www.ostaco.cz\/author\/#Person","name":"","url":"https:\/\/www.ostaco.cz\/author\/","identifier":1,"image":{"@type":"ImageObject","@id":"https:\/\/secure.gravatar.com\/avatar\/69bd9b72104e3ccfb6214cbd23cb226f96c6ecf33a2a351fa1d4682235118df3?s=96&d=mm&r=g","url":"https:\/\/secure.gravatar.com\/avatar\/69bd9b72104e3ccfb6214cbd23cb226f96c6ecf33a2a351fa1d4682235118df3?s=96&d=mm&r=g","height":96,"width":96}},"publisher":{"@type":"Organization","name":"ostaco.cz","logo":{"@type":"ImageObject","@id":"\/logo.png","url":"\/logo.png","width":600,"height":60}},"url":"https:\/\/www.ostaco.cz\/vymahani-pohledavek\/","wordCount":222,"articleBody":"Na\u0161e firma V\u00e1m pom\u016f\u017ee s Va\u0161imi pohled\u00e1vkami. A\u0165 u\u017e jste se do sv\u00edzeln\u00e9 situace dostali jakkoliv, my Va\u0161e pen\u00edze z\u00edsk\u00e1me zp\u011bt! Vym\u00e1h\u00e1n\u00ed pohled\u00e1vek zaru\u010duje jasn\u00e9 v\u00fdsledky a to pr\u00e1v\u011b s n\u00e1mi!Vym\u00e1h\u00e1n\u00ed pohled\u00e1vekM\u00e1me dlouholet\u00e9 zku\u0161enosti, kter\u00e9 jsme z\u00edskali deseti lety v tomto oboru a za tu domu jsme se dostali k nejv\u011bt\u0161\u00edm inkasn\u00edm agentur\u00e1m. vym\u00e1h\u00e1n\u00ed pohled\u00e1vek \u0159e\u0161\u00edme, jak u soukromn\u00edch i firemn\u00edch klient\u016f. Pro na\u0161e klienty se li\u0161\u00ed cen\u00edky, dle Mand\u00e1tn\u00ed smlouvy. Pokud si chcete sami zkontrolovat kolik, V\u00e1s bude vym\u00e1h\u00e1n\u00ed pohled\u00e1vek st\u00e1t, vyzkou\u0161ejte na\u0161\u00ed cenovou kalkulaci, kter\u00e1 je zcela zdarma. U n\u00e1s se nemus\u00edte b\u00e1t, \u017ee zaplat\u00edte v\u00edc, ne\u017e \u010din\u00ed Va\u0161e pohled\u00e1vky.Va\u0161e spokojenostV\u011b\u0159\u00edme, \u017ee s na\u0161imi slu\u017ebami budete spokojeni a s d\u016fv\u011brou se na n\u00e1s obr\u00e1t\u00edte. Na\u0161e \u00fasp\u011b\u0161nost je a\u017e 80% a to mysl\u00edme, \u017ee mluv\u00ed za v\u0161e. Sna\u017e\u00edme se ke ka\u017ed\u00e9mu klientovi si naj\u00edt individu\u00e1ln\u00ed cestu a pr\u00e1v\u011b proto jsme tak p\u0159ijateln\u00ed a vst\u0159\u00edcn\u00ed pro v\u0161echny.                                                                                                                                                                                                                                                                                                                                                                                                "},{"@context":"https:\/\/schema.org\/","@type":"BreadcrumbList","itemListElement":[{"@type":"ListItem","position":1,"name":"Vym\u00e1h\u00e1n\u00ed pohled\u00e1vek","item":"https:\/\/www.ostaco.cz\/vymahani-pohledavek\/#breadcrumbitem"}]}]