[{"@context":"https:\/\/schema.org\/","@type":"Article","@id":"https:\/\/www.ostaco.cz\/zvirata-a-povery\/#Article","mainEntityOfPage":"https:\/\/www.ostaco.cz\/zvirata-a-povery\/","headline":"Zv\u00ed\u0159ata a pov\u011bry","name":"Zv\u00ed\u0159ata a pov\u011bry","description":"\u010cern\u00e1 ko\u010dka je prost\u011b pro mnoho lid\u00ed spojena s ne\u0161t\u011bst\u00edm, s t\u00edm, \u017ee p\u0159in\u00e1\u0161\u00ed sm\u016flu. Se zv\u00ed\u0159aty je spojeno spousta lidsk\u00fdch pov\u011br. Jsou takov\u00e9, kter\u00e9 jsou vlastn\u011b logick\u00e9 a je z\u0159ejm\u00e9, pro\u010d vznikly, u jin\u00fdch si l\u00e1meme hlavu nad t\u00edm,... <a class=\"more-link\" href=\"https:\/\/www.ostaco.cz\/zvirata-a-povery\/\">Pokra\u010dovat ve \u010dten\u00ed &rarr;<\/a>","datePublished":"2025-09-30","dateModified":"2025-09-30","author":{"@type":"Person","@id":"https:\/\/www.ostaco.cz\/author\/#Person","name":"","url":"https:\/\/www.ostaco.cz\/author\/","identifier":1,"image":{"@type":"ImageObject","@id":"https:\/\/secure.gravatar.com\/avatar\/69bd9b72104e3ccfb6214cbd23cb226f96c6ecf33a2a351fa1d4682235118df3?s=96&d=mm&r=g","url":"https:\/\/secure.gravatar.com\/avatar\/69bd9b72104e3ccfb6214cbd23cb226f96c6ecf33a2a351fa1d4682235118df3?s=96&d=mm&r=g","height":96,"width":96}},"publisher":{"@type":"Organization","name":"ostaco.cz","logo":{"@type":"ImageObject","@id":"\/logo.png","url":"\/logo.png","width":600,"height":60}},"image":{"@type":"ImageObject","@id":"https:\/\/www.ostaco.cz\/wp-content\/uploads\/img_a312099_w2048_t1523131250.jpg","url":"https:\/\/www.ostaco.cz\/wp-content\/uploads\/img_a312099_w2048_t1523131250.jpg","height":0,"width":0},"url":"https:\/\/www.ostaco.cz\/zvirata-a-povery\/","wordCount":516,"articleBody":"\u010cern\u00e1 ko\u010dka je prost\u011b pro mnoho lid\u00ed spojena s ne\u0161t\u011bst\u00edm, s t\u00edm, \u017ee p\u0159in\u00e1\u0161\u00ed sm\u016flu. Se zv\u00ed\u0159aty je spojeno spousta lidsk\u00fdch pov\u011br. Jsou takov\u00e9, kter\u00e9 jsou vlastn\u011b logick\u00e9 a je z\u0159ejm\u00e9, pro\u010d vznikly, u jin\u00fdch si l\u00e1meme hlavu nad t\u00edm, jak to ty na\u0161e p\u0159edky napadlo. P\u0159in\u00e1\u0161\u00edme pro pobaven\u00ed (nebo snad i varov\u00e1n\u00ed) p\u00e1r informac\u00ed.\t\u00a0\tKo\u010dky\t\u010cern\u00e9 byly pova\u017eov\u00e1ny za vt\u011blen\u00ed \u010f\u00e1bla, posluhova\u010de temn\u00fdch sil, pomocnice \u010darod\u011bjnic. Ale t\u0159eba vid\u011bt v\u00fd\u0161e pomlouvanou \u010di\u010dinu na svatb\u011b je pr\u00fd v po\u0159\u00e1dku, tam p\u0159in\u00e1\u0161\u00ed \u0161t\u011bst\u00ed. No nen\u00ed to zaj\u00edmav\u00e9? Tak\u00e9 se o nich \u0159\u00edk\u00e1, \u017ee maj\u00ed dev\u011bt \u017eivot\u016f. Tak to mohlo pr\u00fd vzniknout asi takto. V dob\u00e1ch minul\u00fdch byly vesnice ko\u010dkami dost p\u0159epln\u011bn\u00e9. Nikdo jim nev\u011bnoval tolik pozornosti a p\u00e9\u010de jako dnes t\u011bm, co maj\u00ed v\u00edce \u0161t\u011bst\u00ed a jsou h\u00fd\u010dkan\u00fdmi dom\u00e1c\u00edmi mazl\u00edky. Lid\u00e9 nem\u011bli v ko\u010di\u010d\u00edm osazenstvu takov\u00fd p\u0159ehled. N\u011bkter\u00e1 zmizela, n\u011bkdy se vr\u00e1tila, n\u011bkdy ne. Pak ji nahradila jin\u00e1, skoro stejn\u00e1 \u2013 zkr\u00e1tka ten \u201edal\u0161\u00ed \u017eivot\u201c. Nebo m\u00e1 dev\u011bt \u017eivot\u016f, proto\u017ee je hbit\u00e1, mr\u0161tn\u00e1 a \u0161ikovn\u00e1 a z hodn\u011b probl\u00e9m\u016f \u010di nemoc\u00ed se prost\u011b \u201evyl\u00ed\u017ee\u201c? Kdo v\u00ed?\t\u00a0\tPt\u00e1ci\tZaslechnete \u2013 li zve\u010dera u lesa houk\u00e1n\u00ed s\u00fd\u010dka, je to varov\u00e1n\u00ed p\u0159ed smrt\u00ed. Ale \u010d\u00ed? Jeho houk\u00e1n\u00ed zn\u00ed prost\u011b hodn\u011b smutn\u011b. A\u017e truchliv\u011b, jakoby truchlil za mrtv\u00e9. Obl\u00edben\u011bj\u0161\u00edm pt\u00e1kem je ur\u010dit\u011b sk\u0159ivan. Zjara \u201emus\u00ed vrznout, i kdyby m\u011bl zmrznout\u201c. Kdy\u017e vid\u00edte sk\u0159ivany v hejn\u011b, je \u201ezima za rohem\u201c. Lid\u00e9 se nau\u010dili pozorovat p\u0159\u00edrodu, v\u011bd\u011bli ji\u017e d\u00e1vno, \u017ee pohromad\u011b se sk\u0159ivani dr\u017e\u00ed, aby se l\u00e9pe zah\u0159\u00e1li. Pov\u011bra o tom, \u017ee d\u011bti nos\u00ed \u010d\u00e1p je v\u0161eobecn\u011b zn\u00e1m\u00e1. Ov\u0161em jej\u00ed p\u016fvod je nejasn\u00fd. Pr\u00fd poch\u00e1z\u00ed od Kelt\u016f. Stejn\u011b jako ta, \u017ee kdo prvn\u00ed uvid\u00ed na ja\u0159e \u010d\u00e1pa, bude m\u00edt \u0161\u0165astn\u00fd rok pln\u00fd \u00fasp\u011bch\u016f. P\u0159\u00edlet \u010d\u00e1pa je zkr\u00e1tka spojov\u00e1n s p\u0159\u00edchodem jara a na\u0161i p\u0159edkov\u00e9 ho tedy vid\u011bli velice r\u00e1di.\t\u00a0\tMal\u00ed \u201eo\u0161kliv\u00e1ci\u201c\tT\u0159eba takov\u00fd li\u0161aj smrtihlav, velk\u00e1 m\u016fra, kter\u00e1 nos\u00ed na sv\u00fdch k\u0159\u00eddlech smrt. Ten si tuto \u201en\u00e1lepku\u201c z\u0159ejm\u011b zaslou\u017eil d\u00edky d\u011bsiv\u011b vyhl\u00ed\u017eej\u00edc\u00ed skvrn\u011b na t\u011ble, kter\u00e1 p\u0159ipom\u00edn\u00e1 lebku. Mloci jsou zase podle pov\u011br poslov\u00e9 \u010f\u00e1bla, \u0161kod\u00edc\u00ed dobytku. Zp\u016fsobuje pr\u00fd tak\u00e9 to, \u017ee krav\u00e1m kysne ml\u00e9ko. V dom\u011b m\u00e1 zp\u016fsobovat zl\u00e9 sny. \tMlo\u010d\u00ed k\u016f\u017ee je jedovat\u00e1, lid\u00e9 to vypozorovali a nau\u010dili se jim rad\u011bji vyh\u00fdbat. Ale takov\u00ed pavouci nos\u00ed do domu \u0161t\u011bst\u00ed. Rozhodn\u011b je nezab\u00edjejte (alespo\u0148 ty mal\u00e9). Pavouci vytv\u00e1\u0159\u00ed pavu\u010dinky, do kter\u00fdch se chyt\u00e1 \u0161t\u011bst\u00ed!                                                                                                                                                                                                                                                                                                                                                                                        5\/5 - (2 votes)        "},{"@context":"https:\/\/schema.org\/","@type":"BreadcrumbList","itemListElement":[{"@type":"ListItem","position":1,"name":"Zv\u00ed\u0159ata a pov\u011bry","item":"https:\/\/www.ostaco.cz\/zvirata-a-povery\/#breadcrumbitem"}]}]